{"id":3886,"date":"2023-09-09T13:14:00","date_gmt":"2023-09-09T16:14:00","guid":{"rendered":"https:\/\/www.bioleft.org\/es\/?p=3886"},"modified":"2023-11-30T13:58:48","modified_gmt":"2023-11-30T16:58:48","slug":"buo","status":"publish","type":"post","link":"https:\/\/www.bioleft.org\/es\/2023\/09\/09\/buo\/","title":{"rendered":"Bioleft en &#8220;Sembrando Esperanza&#8221; la 7ma Feria Provincial de Intercambio de Semillas Nativas y Criollas"},"content":{"rendered":"\n<div class=\"wp-block-image\"><figure class=\"aligncenter size-large is-resized\"><img fetchpriority=\"high\" decoding=\"async\" src=\"https:\/\/www.bioleft.org\/wp-content\/uploads\/2023\/10\/photo1694622458-1024x769.jpeg\" alt=\"\" class=\"wp-image-3887\" width=\"564\" height=\"423\" srcset=\"https:\/\/www.bioleft.org\/wp-content\/uploads\/2023\/10\/photo1694622458-1024x769.jpeg 1024w, https:\/\/www.bioleft.org\/wp-content\/uploads\/2023\/10\/photo1694622458-300x225.jpeg 300w, https:\/\/www.bioleft.org\/wp-content\/uploads\/2023\/10\/photo1694622458-768x577.jpeg 768w, https:\/\/www.bioleft.org\/wp-content\/uploads\/2023\/10\/photo1694622458-16x12.jpeg 16w, https:\/\/www.bioleft.org\/wp-content\/uploads\/2023\/10\/photo1694622458.jpeg 1280w\" sizes=\"(max-width: 564px) 100vw, 564px\" \/><\/figure><\/div>\n\n\n\n<p>El pasado 9 de septiembre de 2023 tuvimos el honor de ser parte de la S\u00e9ptima Feria Provincial de Semillas Nativas y Criollas, que se llev\u00f3 a cabo en la Casona \u201cSanta Rosa\u201d, Camino Centenario Km 17,500, Parque Pereyra Iraola, Berazategui, Buenos Aires. All\u00ed compartimos nuestra experiencia en el panel \u201cProducci\u00f3n, conservaci\u00f3n y mejoramiento de las semillas nativas y criollas\u201d, junto con nuestra organizaci\u00f3n amiga, Minka Semillera, con Semillas UTT; Grupo Semillas Locales, Minka Semillera; MDA; Bioleft Semillas Abiertas. &nbsp;<\/p>\n\n\n\n<p>En el taller, conversamos sobre&nbsp;las acciones que estamos llevando adelante desde nuestro lugar de pertenencia en relaci\u00f3n a la producci\u00f3n, conservaci\u00f3n y mejoramiento de las semillas y sobre nuestras visiones sobre la situaci\u00f3n actual de la producci\u00f3n, conservaci\u00f3n y mejoramiento de las semillas. En ese marco, conversamos sobre estrategias de intercambio, conservaci\u00f3n y mejoramiento participativo basado en semillas locales, en la necesidad de visibilizar las semillas criollas como un instrumento de soberan\u00eda alimentaria y desarrollo sustentable, y sobre las dificultades que presenta el avance de un sistema de semillas cada vez m\u00e1s concentrado. &nbsp;<\/p>\n\n\n\n<p>Asimismo, se convers\u00f3 sobre el rol de la resoluci\u00f3n (Ver <a href=\"https:\/\/www.bioleft.org\/es\/2022\/08\/08\/reconocimiento-a-las-semillas-criollas-y-a-la-agricultura-familiar-resolucion-31722-del-inase\/\">&#8220;Reconocimiento a las semillas criollas y a la agricultura familiar: Resoluci\u00f3n 317\/22 del INASE&#8221;<\/a>) en la visibilizaci\u00f3n de las semillas criollas. Al respecto, Bioleft se\u00f1al\u00f3 la importancia de que esta resoluci\u00f3n se extienda a otros actores, como universidades y organizaciones de productores chacareros, con el fin de facilitar la comercializaci\u00f3n de semillas heterog\u00e9neas. \u00a0<\/p>\n\n\n\n<p>Encontramos muchas sinergias en el hacer de las experiencias del taller, compartimos visiones y estrategias, y resaltamos la necesidad de avanzar hacia una red organizada de iniciativas, que permita potenciar el hacer de cada una en pos de un sistema diverso, inclusivo y abierto. &nbsp;<\/p>\n\n\n\n<div class=\"wp-block-image\"><figure class=\"aligncenter size-large is-resized\"><img decoding=\"async\" src=\"https:\/\/www.bioleft.org\/wp-content\/uploads\/2023\/10\/Minka-y-Bioleft-1024x461.jpeg\" alt=\"\" class=\"wp-image-3888\" width=\"511\" height=\"230\" srcset=\"https:\/\/www.bioleft.org\/wp-content\/uploads\/2023\/10\/Minka-y-Bioleft-1024x461.jpeg 1024w, https:\/\/www.bioleft.org\/wp-content\/uploads\/2023\/10\/Minka-y-Bioleft-300x135.jpeg 300w, https:\/\/www.bioleft.org\/wp-content\/uploads\/2023\/10\/Minka-y-Bioleft-768x346.jpeg 768w, https:\/\/www.bioleft.org\/wp-content\/uploads\/2023\/10\/Minka-y-Bioleft-18x8.jpeg 18w, https:\/\/www.bioleft.org\/wp-content\/uploads\/2023\/10\/Minka-y-Bioleft.jpeg 1280w\" sizes=\"(max-width: 511px) 100vw, 511px\" \/><\/figure><\/div>\n","protected":false},"excerpt":{"rendered":"<p>El pasado 9 de septiembre de 2023 tuvimos el honor de ser parte de la S\u00e9ptima Feria Provincial de Semillas Nativas y Criollas, que se llev\u00f3 a cabo en la Casona \u201cSanta Rosa\u201d, Camino Centenario Km 17,500, Parque Pereyra Iraola, Berazategui, Buenos Aires. All\u00ed compartimos nuestra experiencia en el panel \u201cProducci\u00f3n, conservaci\u00f3n y mejoramiento de las semillas nativas y criollas\u201d, junto con nuestra organizaci\u00f3n amiga, Minka Semillera, con Semillas UTT; Grupo Semillas Locales, Minka Semillera; MDA; Bioleft Semillas Abiertas. \u00a0<\/p>\n","protected":false},"author":5,"featured_media":3890,"comment_status":"closed","ping_status":"closed","sticky":false,"template":"","format":"standard","meta":{"footnotes":""},"categories":[3],"tags":[],"class_list":["post-3886","post","type-post","status-publish","format-standard","has-post-thumbnail","hentry","category-novedades"],"_links":{"self":[{"href":"https:\/\/www.bioleft.org\/es\/wp-json\/wp\/v2\/posts\/3886"}],"collection":[{"href":"https:\/\/www.bioleft.org\/es\/wp-json\/wp\/v2\/posts"}],"about":[{"href":"https:\/\/www.bioleft.org\/es\/wp-json\/wp\/v2\/types\/post"}],"author":[{"embeddable":true,"href":"https:\/\/www.bioleft.org\/es\/wp-json\/wp\/v2\/users\/5"}],"replies":[{"embeddable":true,"href":"https:\/\/www.bioleft.org\/es\/wp-json\/wp\/v2\/comments?post=3886"}],"version-history":[{"count":4,"href":"https:\/\/www.bioleft.org\/es\/wp-json\/wp\/v2\/posts\/3886\/revisions"}],"predecessor-version":[{"id":3980,"href":"https:\/\/www.bioleft.org\/es\/wp-json\/wp\/v2\/posts\/3886\/revisions\/3980"}],"wp:featuredmedia":[{"embeddable":true,"href":"https:\/\/www.bioleft.org\/es\/wp-json\/wp\/v2\/media\/3890"}],"wp:attachment":[{"href":"https:\/\/www.bioleft.org\/es\/wp-json\/wp\/v2\/media?parent=3886"}],"wp:term":[{"taxonomy":"category","embeddable":true,"href":"https:\/\/www.bioleft.org\/es\/wp-json\/wp\/v2\/categories?post=3886"},{"taxonomy":"post_tag","embeddable":true,"href":"https:\/\/www.bioleft.org\/es\/wp-json\/wp\/v2\/tags?post=3886"}],"curies":[{"name":"wp","href":"https:\/\/api.w.org\/{rel}","templated":true}]}}