{"id":3456,"date":"2022-12-02T16:09:39","date_gmt":"2022-12-02T19:09:39","guid":{"rendered":"https:\/\/www.bioleft.org\/en\/?p=3456"},"modified":"2022-12-02T16:12:31","modified_gmt":"2022-12-02T19:12:31","slug":"bioleft-en-el-libro-de-resumenes-del-ii-congreso-argentino-de-agroecologia","status":"publish","type":"post","link":"https:\/\/www.bioleft.org\/es\/2022\/12\/02\/bioleft-en-el-libro-de-resumenes-del-ii-congreso-argentino-de-agroecologia\/","title":{"rendered":"Bioleft en el Libro de res\u00famenes del II Congreso Argentino de Agroecolog\u00eda"},"content":{"rendered":"\n<p id=\"block-2cfe4d34-6b90-446a-8930-74b52575fb2c\">Les compartimos el Libro de res\u00famenes del II Congreso Argentino de Agroecolog\u00eda, congreso en el cual desde Bioleft expusimos parte de nuestro trabajo de la evaluaci\u00f3n participativa de ma\u00edces no transg\u00e9nicos realizada junto a Enrico Cresta, agricultor org\u00e1nico y miembro de Bioleft. Nuestro resumen se puede encontrar en la p\u00e1gina 1256 del siguiente archivo:<\/p>\n\n\n\n<div data-wp-interactive=\"core\/file\" class=\"wp-block-file\"><object data-wp-bind--hidden=\"!state.hasPdfPreview\"  class=\"wp-block-file__embed\" data=\"https:\/\/www.bioleft.org\/wp-content\/uploads\/2022\/12\/LIBRO-DE-RESU\u0301MENES_CAA_nov-2022-1.pdf\" type=\"application\/pdf\" style=\"width:100%;height:600px\" aria-label=\"Incrustado de Incrustado de LIBRO-DE-RESU\u0301MENES_CAA_nov-2022-1..\"><\/object><a id=\"wp-block-file--media-f34c5a5f-3567-4554-9d8f-786ec33056d2\" href=\"https:\/\/www.bioleft.org\/wp-content\/uploads\/2022\/12\/LIBRO-DE-RESU\u0301MENES_CAA_nov-2022-1.pdf\">LIBRO-DE-RESU\u0301MENES_CAA_nov-2022-1<\/a><a href=\"https:\/\/www.bioleft.org\/wp-content\/uploads\/2022\/12\/LIBRO-DE-RESU\u0301MENES_CAA_nov-2022-1.pdf\" class=\"wp-block-file__button\" download aria-describedby=\"wp-block-file--media-f34c5a5f-3567-4554-9d8f-786ec33056d2\">Descarga<\/a><\/div>\n\n\n\n<h5 class=\"wp-block-heading\" id=\"block-b10db9ee-31af-4da2-9a34-0f4d83a18afe\"><strong>Sobre el congreso<\/strong><\/h5>\n\n\n\n<p id=\"block-43868d20-5bfe-4884-961a-c69bba8d14ef\">El Segundo Congreso Argentino de Agroecolog\u00eda, organizado por la Sociedad Argentina de Agroecolog\u00eda (SAAE) a trav\u00e9s de la Comisi\u00f3n Organizadora Regional, se realiz\u00f3 virtualmente desde Chaco- regi\u00f3n NEA, del 13 al 15 de octubre de 2021. La SAAE se constituye en el a\u00f1o 2018 con el objetivo de aunar el trabajo de investigadores, extensionistes y docentes, con la pr\u00e1ctica de agricultores fundamentadas en los principios agroecol\u00f3gicos y de otras personas vinculadas al desarrollo sustentable de los territorios. Su intenci\u00f3n es unir las historias de luchas y esperanzas, de diversos colectivos de base campesina e ind\u00edgena, de la academia y de los movimientos sociales. Dando cumplimiento a su objetivo de promover estos principios en la sociedad, la SAAE, organiz\u00f3 el Primer Congreso Argentino de Agroecolog\u00eda, realizado en septiembre de 2019 en Mendoza. Si bien originariamente la sede elegida para la realizaci\u00f3n del segundo congreso fue Resistencia, Chaco, desde el momento mismo de presentar la propuesta, la regi\u00f3n NEA aval\u00f3 la postulaci\u00f3n ya que exist\u00eda un largo proceso compartido en la promoci\u00f3n de la agroecolog\u00eda. La pandemia del COVID-19, impidi\u00f3 realizar el Congreso en forma presencial, por lo que nos planteamos el desaf\u00edo de mostrar de forma virtual las riquezas acad\u00e9micas y de pr\u00e1cticas concretas que existen en los territorios en toda su diversidad. Con este esp\u00edritu de construcci\u00f3n conjunta surgi\u00f3 el Lema del Segundo Congreso: \u201cEntrelazando saberes hacia el Buen Vivir\u201d, frase que resalta la importancia del di\u00e1logo entre los saberes pr\u00e1cticos y ancestrales de los pobladores con los aportados por las diferentes disciplinas cient\u00edficas. Asimismo, el lema expresa el compromiso de la Agroecolog\u00eda en la construcci\u00f3n de sistemas productivos y de vida m\u00e1s saludables e integrales, que abarquen todas las dimensiones de la vida: desde lo productivo hasta lo art\u00edstico, tomando lo socio econ\u00f3mico, lo pol\u00edtico y lo cultural, resumidas en el \u201cBuen Vivir\u201d. Los objetivos del congreso han sido contribuir a la difusi\u00f3n de los avances en investigaci\u00f3n, extensi\u00f3n y educaci\u00f3n de la Agroecolog\u00eda en Argentina; fomentar el intercambio e integraci\u00f3n de conocimientos entre les investigadores, docentes, extensionistes, productores, consumidores, las organizaciones y movimientos sociales y diverses actores de la sociedad civil; impulsar en la comunidad cient\u00edfica y acad\u00e9mica nacional, la ense\u00f1anza y la investigaci\u00f3n-desarrollo innovaci\u00f3n en Agroecolog\u00eda; promover la discusi\u00f3n y propuestas para mejorar la soberan\u00eda alimentaria y lograr sistemas agroalimentarios sustentables en nuestro pa\u00eds.<\/p>\n\n\n\n<p id=\"block-b6d1fbdd-2d2c-45b8-bc5f-14fa5fa7041e\"><a href=\"https:\/\/rid.unam.edu.ar\/handle\/20.500.12219\/3883\">Fuente<\/a><\/p>\n","protected":false},"excerpt":{"rendered":"<p>Les compartimos el Libro de res\u00famenes del II Congreso Argentino de Agroecolog\u00eda, congreso en el cual desde Bioleft expusimos parte [&hellip;]<\/p>\n","protected":false},"author":6,"featured_media":3464,"comment_status":"closed","ping_status":"closed","sticky":false,"template":"","format":"standard","meta":{"footnotes":""},"categories":[3],"tags":[],"class_list":["post-3456","post","type-post","status-publish","format-standard","has-post-thumbnail","hentry","category-novedades"],"_links":{"self":[{"href":"https:\/\/www.bioleft.org\/es\/wp-json\/wp\/v2\/posts\/3456"}],"collection":[{"href":"https:\/\/www.bioleft.org\/es\/wp-json\/wp\/v2\/posts"}],"about":[{"href":"https:\/\/www.bioleft.org\/es\/wp-json\/wp\/v2\/types\/post"}],"author":[{"embeddable":true,"href":"https:\/\/www.bioleft.org\/es\/wp-json\/wp\/v2\/users\/6"}],"replies":[{"embeddable":true,"href":"https:\/\/www.bioleft.org\/es\/wp-json\/wp\/v2\/comments?post=3456"}],"version-history":[{"count":7,"href":"https:\/\/www.bioleft.org\/es\/wp-json\/wp\/v2\/posts\/3456\/revisions"}],"predecessor-version":[{"id":3466,"href":"https:\/\/www.bioleft.org\/es\/wp-json\/wp\/v2\/posts\/3456\/revisions\/3466"}],"wp:featuredmedia":[{"embeddable":true,"href":"https:\/\/www.bioleft.org\/es\/wp-json\/wp\/v2\/media\/3464"}],"wp:attachment":[{"href":"https:\/\/www.bioleft.org\/es\/wp-json\/wp\/v2\/media?parent=3456"}],"wp:term":[{"taxonomy":"category","embeddable":true,"href":"https:\/\/www.bioleft.org\/es\/wp-json\/wp\/v2\/categories?post=3456"},{"taxonomy":"post_tag","embeddable":true,"href":"https:\/\/www.bioleft.org\/es\/wp-json\/wp\/v2\/tags?post=3456"}],"curies":[{"name":"wp","href":"https:\/\/api.w.org\/{rel}","templated":true}]}}