{"id":2514,"date":"2021-09-11T08:58:00","date_gmt":"2021-09-11T08:58:00","guid":{"rendered":"https:\/\/www.bioleft.org\/es\/?p=2514"},"modified":"2021-10-04T21:00:22","modified_gmt":"2021-10-04T21:00:22","slug":"bioleft-en-la-preconferencia-del-organic-world-congress","status":"publish","type":"post","link":"https:\/\/www.bioleft.org\/es\/2021\/09\/11\/bioleft-en-la-preconferencia-del-organic-world-congress\/","title":{"rendered":"Bioleft en la preconferencia del Organic World Congress"},"content":{"rendered":"\n<p>Durante la preconferencia del Organic World Congress del 6 de septiembre, Almendra Cremaschi comparti\u00f3 el trabajo que viene realizando Bioleft como parte de la charla \u201cSeed Commons \u2013 preserving farming rights to seed, addressing intellectual property restrictions\u201d. <\/p>\n\n\n\n<p>Durante la misma charla, Fran\u00e7ois Meienberg present\u00f3 sobre regulaciones en materia de semillas, sus restricciones para lxs agricultorxs y fitomejoradorxs y los desaf\u00edos de la agricultura org\u00e1nica para con las mismas. A su vez, Sujit Chakrabarty comparti\u00f3 la experiencia de India en cuanto a la protecci\u00f3n de los derechos de lxs agricultorxs. <\/p>\n\n\n\n<p>Por \u00faltimo, se dieron discusiones sobre los desaf\u00edos respecto de las leyes de propiedad intelectual, sobre cu\u00e1l es el futuro que queremos, para luego ponerlo en com\u00fan en plenario y reflexionar sobre lo qu\u00e9 cada uno de nosotrxs podemos hacer como agentes de cambio.<\/p>\n","protected":false},"excerpt":{"rendered":"<p>Durante la preconferencia del Organic World Congress del 6 de septiembre, Almendra Cremaschi comparti\u00f3 el trabajo que viene realizando Bioleft [&hellip;]<\/p>\n","protected":false},"author":6,"featured_media":2515,"comment_status":"closed","ping_status":"closed","sticky":false,"template":"","format":"standard","meta":{"footnotes":""},"categories":[3],"tags":[],"class_list":["post-2514","post","type-post","status-publish","format-standard","has-post-thumbnail","hentry","category-novedades"],"_links":{"self":[{"href":"https:\/\/www.bioleft.org\/es\/wp-json\/wp\/v2\/posts\/2514"}],"collection":[{"href":"https:\/\/www.bioleft.org\/es\/wp-json\/wp\/v2\/posts"}],"about":[{"href":"https:\/\/www.bioleft.org\/es\/wp-json\/wp\/v2\/types\/post"}],"author":[{"embeddable":true,"href":"https:\/\/www.bioleft.org\/es\/wp-json\/wp\/v2\/users\/6"}],"replies":[{"embeddable":true,"href":"https:\/\/www.bioleft.org\/es\/wp-json\/wp\/v2\/comments?post=2514"}],"version-history":[{"count":2,"href":"https:\/\/www.bioleft.org\/es\/wp-json\/wp\/v2\/posts\/2514\/revisions"}],"predecessor-version":[{"id":2517,"href":"https:\/\/www.bioleft.org\/es\/wp-json\/wp\/v2\/posts\/2514\/revisions\/2517"}],"wp:featuredmedia":[{"embeddable":true,"href":"https:\/\/www.bioleft.org\/es\/wp-json\/wp\/v2\/media\/2515"}],"wp:attachment":[{"href":"https:\/\/www.bioleft.org\/es\/wp-json\/wp\/v2\/media?parent=2514"}],"wp:term":[{"taxonomy":"category","embeddable":true,"href":"https:\/\/www.bioleft.org\/es\/wp-json\/wp\/v2\/categories?post=2514"},{"taxonomy":"post_tag","embeddable":true,"href":"https:\/\/www.bioleft.org\/es\/wp-json\/wp\/v2\/tags?post=2514"}],"curies":[{"name":"wp","href":"https:\/\/api.w.org\/{rel}","templated":true}]}}