{"id":2508,"date":"2021-09-30T08:40:00","date_gmt":"2021-09-30T08:40:00","guid":{"rendered":"https:\/\/www.bioleft.org\/es\/?p=2508"},"modified":"2021-10-04T20:44:58","modified_gmt":"2021-10-04T20:44:58","slug":"taller-de-evaluacion-colectiva-de-maiz","status":"publish","type":"post","link":"https:\/\/www.bioleft.org\/es\/2021\/09\/30\/taller-de-evaluacion-colectiva-de-maiz\/","title":{"rendered":"Taller de evaluaci\u00f3n colectiva de ma\u00edz 2021-2022"},"content":{"rendered":"\n<div class=\"wp-block-image\"><figure class=\"aligncenter size-large\"><img fetchpriority=\"high\" decoding=\"async\" width=\"1024\" height=\"575\" src=\"https:\/\/www.bioleft.org\/wp-content\/uploads\/2021\/10\/image-1024x575.png\" alt=\"\" class=\"wp-image-2510\" srcset=\"https:\/\/www.bioleft.org\/wp-content\/uploads\/2021\/10\/image-1024x575.png 1024w, https:\/\/www.bioleft.org\/wp-content\/uploads\/2021\/10\/image-300x169.png 300w, https:\/\/www.bioleft.org\/wp-content\/uploads\/2021\/10\/image-768x431.png 768w, https:\/\/www.bioleft.org\/wp-content\/uploads\/2021\/10\/image-18x10.png 18w, https:\/\/www.bioleft.org\/wp-content\/uploads\/2021\/10\/image.png 1280w\" sizes=\"(max-width: 1024px) 100vw, 1024px\" \/><\/figure><\/div>\n\n\n\n<p>El martes 21 de septiembre llevamos adelante el taller de evaluaci\u00f3n colectiva de ma\u00edz, en el que participaron t\u00e9cnicxs, mejoradorxs, y productorxs de distintas provincias del pa\u00eds. En el mismo se compartieron brevemente las evaluaciones previas realizadas con productores, los materiales disponibles para evaluar en esta campa\u00f1a 2021-2022, y luego cada unx comparti\u00f3 sus expectativas, los ma\u00edces que cultiva y su posibilidad de intercambiarlos para la evaluaci\u00f3n. As\u00ed se comenz\u00f3 a planificar una evaluaci\u00f3n colectiva en la que todxs cargar\u00e1n sus observaciones en la plataforma Bioleft para compartirlas con el grupo y generar informaci\u00f3n y conocimiento colaborativamente.<\/p>\n","protected":false},"excerpt":{"rendered":"<p>El martes 21 de septiembre llevamos adelante el taller de evaluaci\u00f3n colectiva de ma\u00edz, en el que participaron t\u00e9cnicxs, mejoradorxs, [&hellip;]<\/p>\n","protected":false},"author":6,"featured_media":2509,"comment_status":"closed","ping_status":"closed","sticky":false,"template":"","format":"standard","meta":{"footnotes":""},"categories":[3],"tags":[],"class_list":["post-2508","post","type-post","status-publish","format-standard","has-post-thumbnail","hentry","category-novedades"],"_links":{"self":[{"href":"https:\/\/www.bioleft.org\/es\/wp-json\/wp\/v2\/posts\/2508"}],"collection":[{"href":"https:\/\/www.bioleft.org\/es\/wp-json\/wp\/v2\/posts"}],"about":[{"href":"https:\/\/www.bioleft.org\/es\/wp-json\/wp\/v2\/types\/post"}],"author":[{"embeddable":true,"href":"https:\/\/www.bioleft.org\/es\/wp-json\/wp\/v2\/users\/6"}],"replies":[{"embeddable":true,"href":"https:\/\/www.bioleft.org\/es\/wp-json\/wp\/v2\/comments?post=2508"}],"version-history":[{"count":3,"href":"https:\/\/www.bioleft.org\/es\/wp-json\/wp\/v2\/posts\/2508\/revisions"}],"predecessor-version":[{"id":2513,"href":"https:\/\/www.bioleft.org\/es\/wp-json\/wp\/v2\/posts\/2508\/revisions\/2513"}],"wp:featuredmedia":[{"embeddable":true,"href":"https:\/\/www.bioleft.org\/es\/wp-json\/wp\/v2\/media\/2509"}],"wp:attachment":[{"href":"https:\/\/www.bioleft.org\/es\/wp-json\/wp\/v2\/media?parent=2508"}],"wp:term":[{"taxonomy":"category","embeddable":true,"href":"https:\/\/www.bioleft.org\/es\/wp-json\/wp\/v2\/categories?post=2508"},{"taxonomy":"post_tag","embeddable":true,"href":"https:\/\/www.bioleft.org\/es\/wp-json\/wp\/v2\/tags?post=2508"}],"curies":[{"name":"wp","href":"https:\/\/api.w.org\/{rel}","templated":true}]}}