{"id":2148,"date":"2021-04-28T10:06:12","date_gmt":"2021-04-28T10:06:12","guid":{"rendered":"https:\/\/www.bioleft.org\/en\/?p=2148"},"modified":"2021-06-09T22:11:38","modified_gmt":"2021-06-09T22:11:38","slug":"bioleft-y-semillar-realizaron-el-primer-taller-de-mejoramiento-participativo-y-tecnologias-digitales","status":"publish","type":"post","link":"https:\/\/www.bioleft.org\/es\/2021\/04\/28\/bioleft-y-semillar-realizaron-el-primer-taller-de-mejoramiento-participativo-y-tecnologias-digitales\/","title":{"rendered":"Bioleft y SemillAR realizaron el primer Taller de Mejoramiento Participativo y Tecnolog\u00edas Digitales"},"content":{"rendered":"<div class=\"elementor-element elementor-element-ce77f99 elementor-widget elementor-widget-text-editor\" data-id=\"ce77f99\" data-element_type=\"widget\" data-widget_type=\"text-editor.default\">\n<div class=\"elementor-widget-container\">\n<div class=\"elementor-text-editor elementor-clearfix\">\n<p>La red de trabajo de Bioleft sigue creciendo. El pasado martes 21 de abril, realizamos el primer\u00a0<i>Taller de Mejoramiento Participativo y Tecnolog\u00edas Digitales<\/i>\u00a0en conjunto con el programa SemillAR perteneciente a la Secretar\u00eda de Agricultura Familiar Campesina e Ind\u00edgena (SAFCI) del Ministerio de Agricultura, Ganader\u00eda y Pesca (MAGyP).<\/p>\n<p>El encuentro tuvo una importante convocatoria, reuniendo a m\u00e1s de cien extensionistas del MAGyP, INTA e INASE, junto con representantes de diferentes organizaciones de productores y productoras.\u00a0 La participaci\u00f3n tuvo un fuerte acento federal representando a todas las regiones del pa\u00eds.<\/p>\n<\/div>\n<\/div>\n<\/div>\n<div class=\"elementor-element elementor-element-f0a8156 elementor-widget elementor-widget-image\" data-id=\"f0a8156\" data-element_type=\"widget\" data-widget_type=\"image.default\">\n<div class=\"elementor-widget-container\">\n<div class=\"elementor-image\"><img fetchpriority=\"high\" decoding=\"async\" class=\"attachment-medium_large size-medium_large\" src=\"https:\/\/www.bioleft.org\/wp-content\/uploads\/2021\/04\/BIOLEFT-SEMILLAR-20-4-768x396.png\" sizes=\"(max-width: 680px) 100vw, 680px\" srcset=\"https:\/\/www.bioleft.org\/wp-content\/uploads\/2021\/04\/BIOLEFT-SEMILLAR-20-4-768x396.png 768w, https:\/\/www.bioleft.org\/wp-content\/uploads\/2021\/04\/BIOLEFT-SEMILLAR-20-4-300x155.png 300w, https:\/\/www.bioleft.org\/wp-content\/uploads\/2021\/04\/BIOLEFT-SEMILLAR-20-4-1024x528.png 1024w, https:\/\/www.bioleft.org\/wp-content\/uploads\/2021\/04\/BIOLEFT-SEMILLAR-20-4-16x8.png 16w, https:\/\/www.bioleft.org\/wp-content\/uploads\/2021\/04\/BIOLEFT-SEMILLAR-20-4.png 1358w\" alt=\"\" width=\"680\" height=\"351\" \/><\/div>\n<\/div>\n<\/div>\n<div class=\"elementor-element elementor-element-a79b53d elementor-widget elementor-widget-text-editor\" data-id=\"a79b53d\" data-element_type=\"widget\" data-widget_type=\"text-editor.default\">\n<div class=\"elementor-widget-container\">\n<div class=\"elementor-text-editor elementor-clearfix\">\n<p>El taller estuvo dedicado a la presentaci\u00f3n y discusi\u00f3n sobre el potencial del mejoramiento participativo, acompa\u00f1ado de las tecnolog\u00edas de informaci\u00f3n y comunicaci\u00f3n para abordar los problemas\u00a0 de acceso a semillas adaptadas a las necesidades de\u00a0 productores y productoras familiares y agroecol\u00f3gicas. Para ello, se present\u00f3 el trabajo que Bioleft viene realizando a partir de\u00a0<strong><a href=\"https:\/\/www.bioleft.org\/es\/actividades\/\">experimentos de mejoramiento participativo en ma\u00edz, girasol y tomate<\/a><\/strong>\u00a0y del desarrollo de una\u00a0<a href=\"http:\/\/plataforma.bioleft.org\/\"><strong>plataforma digital<\/strong><\/a>, en construcci\u00f3n.<\/p>\n<p>Hubo un gran inter\u00e9s en el trabajo de Bioleft, lo cual hace evidente la necesidad de colaboraci\u00f3n interinstitucional y territorial para profundizar y multiplicar las experiencias de mejoramiento participativo. Ello requiere de la creaci\u00f3n de nuevo conocimiento, capaz de producir semillas que respondan no solo a las necesidades de la agricultura industrial, sino que puedan apoyar modelos de agricultura m\u00e1s sustentables, como la agroecol\u00f3gica, org\u00e1nica y biodin\u00e1mica.<\/p>\n<p>Se destac\u00f3 tambi\u00e9n la necesidad de pensar en conjunto regulaciones que acompa\u00f1en la construcci\u00f3n de este nuevo paradigma. En la actualidad, el registro de semillas criollas\u00a0resulta muy complejo. Es necesario colaborar para construir registros que impidan la criminalizaci\u00f3n de quienes trabajan por agriculturas m\u00e1s sustentables.\u00a0Tal como public\u00f3 Miguel Gomez, el Secretario de Agricultura Familiar en su cuenta de instagram, \u201c<a href=\"https:\/\/www.instagram.com\/p\/CN57stmgTQr\/\">El primer encuentro super\u00f3 nuestras expectativas con m\u00e1s de 100 participantes<\/a>\u201d.Semillar y Bioleft ratificaron su compromiso de continuar el trabajo conjunto, replicando el taller en contextos regionales, lo que nos llena de entusiasmo para seguir construyendo una agricultura abierta y colaborativa.<\/p>\n<\/div>\n<\/div>\n<\/div>\n","protected":false},"excerpt":{"rendered":"<p>La red de trabajo de Bioleft sigue creciendo. El pasado martes 21 de abril, realizamos el primer\u00a0Taller de Mejoramiento Participativo [&hellip;]<\/p>\n","protected":false},"author":6,"featured_media":1864,"comment_status":"closed","ping_status":"closed","sticky":false,"template":"","format":"standard","meta":{"footnotes":""},"categories":[3],"tags":[93,123,138],"class_list":["post-2148","post","type-post","status-publish","format-standard","has-post-thumbnail","hentry","category-novedades","tag-mejoramiento-participativo","tag-semillar","tag-tecnologia-digital"],"_links":{"self":[{"href":"https:\/\/www.bioleft.org\/es\/wp-json\/wp\/v2\/posts\/2148"}],"collection":[{"href":"https:\/\/www.bioleft.org\/es\/wp-json\/wp\/v2\/posts"}],"about":[{"href":"https:\/\/www.bioleft.org\/es\/wp-json\/wp\/v2\/types\/post"}],"author":[{"embeddable":true,"href":"https:\/\/www.bioleft.org\/es\/wp-json\/wp\/v2\/users\/6"}],"replies":[{"embeddable":true,"href":"https:\/\/www.bioleft.org\/es\/wp-json\/wp\/v2\/comments?post=2148"}],"version-history":[{"count":3,"href":"https:\/\/www.bioleft.org\/es\/wp-json\/wp\/v2\/posts\/2148\/revisions"}],"predecessor-version":[{"id":2151,"href":"https:\/\/www.bioleft.org\/es\/wp-json\/wp\/v2\/posts\/2148\/revisions\/2151"}],"wp:featuredmedia":[{"embeddable":true,"href":"https:\/\/www.bioleft.org\/es\/wp-json\/wp\/v2\/media\/1864"}],"wp:attachment":[{"href":"https:\/\/www.bioleft.org\/es\/wp-json\/wp\/v2\/media?parent=2148"}],"wp:term":[{"taxonomy":"category","embeddable":true,"href":"https:\/\/www.bioleft.org\/es\/wp-json\/wp\/v2\/categories?post=2148"},{"taxonomy":"post_tag","embeddable":true,"href":"https:\/\/www.bioleft.org\/es\/wp-json\/wp\/v2\/tags?post=2148"}],"curies":[{"name":"wp","href":"https:\/\/api.w.org\/{rel}","templated":true}]}}