{"id":1838,"date":"2021-04-22T21:41:00","date_gmt":"2021-04-22T21:41:00","guid":{"rendered":"https:\/\/www.bioleft.org\/es\/?p=1838"},"modified":"2021-06-09T21:42:03","modified_gmt":"2021-06-09T21:42:03","slug":"22-de-abril-dia-de-la-tierra-entra-en-vigencia-el-acuerdo-de-escazu","status":"publish","type":"post","link":"https:\/\/www.bioleft.org\/es\/2021\/04\/22\/22-de-abril-dia-de-la-tierra-entra-en-vigencia-el-acuerdo-de-escazu\/","title":{"rendered":"22 de abril, d\u00eda de la Tierra: entra en vigencia el Acuerdo de Escaz\u00fa"},"content":{"rendered":"<p>En 1969, en un contexto estadounidense en el cual el descontento respecto a los problemas ambientales ven\u00eda en aumento, el senador por Wisconsin, Gaylord Nelson -cuyas campa\u00f1as sobre el tema no hab\u00edan sido efectivas- tuvo la idea de organizar una protesta por la protecci\u00f3n del ambiente. Es por esto que, junto al activista Denis Hayes, organizaron el primer D\u00eda de la Tierra el 22 de abril de 1970, fecha elegida para que pudieran participar la mayor cantidad de universitarixs.<\/p>\n<p>Hoy, aunque en plena crisis socioambiental, celebramos la entrada en vigencia del Acuerdo de Escaz\u00fa, el primer acuerdo regional ambiental de Am\u00e9rica Latina y el Caribe y el primero en el mundo en contener disposiciones espec\u00edficas sobre defensores de derechos humanos en asuntos ambientales. Tiene como objetivo garantizar la implementaci\u00f3n plena y efectiva en Am\u00e9rica Latina y el Caribe de los derechos de acceso a la informaci\u00f3n ambiental, participaci\u00f3n p\u00fablica en los procesos de toma de decisiones ambientales y acceso a la justicia en asuntos ambientales, as\u00ed como la creaci\u00f3n y el fortalecimiento de las capacidades y la cooperaci\u00f3n, contribuyendo a la protecci\u00f3n del derecho de cada persona, de las generaciones presentes y futuras, a vivir en un ambiente sano y a su desarrollo sostenible.<\/p>\n<p>Este acuerdo, en palabras de Andres N\u00e1poli de FARN Argentina, &#8220;nos da herramientas para que podamos involucrarnos, participar y ser protagonistas de las decisiones que se tomen a nuestro alrededor&#8221;. Desde nuestro lugar, seguiremos trabajando para fortalecer la participaci\u00f3n en materia de semillas adecuadas para agriculturas sustentables, buscando contribuir a su mayor disponibilidad y acceso, a trav\u00e9s del conocimiento abierto y el acompa\u00f1amiento a productorxs en procesos de fitomejoramiento participativo.<\/p>\n<p>Asimismo consideramos urgente la sanci\u00f3n de leyes para la implementaci\u00f3n de la educaci\u00f3n ambiental, la protecci\u00f3n de los humedales, y la incorporaci\u00f3n en el C\u00f3digo Penal de un cap\u00edtulo sobre delitos ambientales.<\/p>\n","protected":false},"excerpt":{"rendered":"<p>En 1969, en un contexto estadounidense en el cual el descontento respecto a los problemas ambientales ven\u00eda en aumento, el [&hellip;]<\/p>\n","protected":false},"author":6,"featured_media":1839,"comment_status":"closed","ping_status":"closed","sticky":false,"template":"","format":"standard","meta":{"footnotes":""},"categories":[3],"tags":[136,135,137,40],"class_list":["post-1838","post","type-post","status-publish","format-standard","has-post-thumbnail","hentry","category-novedades","tag-acuerdo-de-escazu","tag-dia-de-la-tierra","tag-escazu","tag-sustentabilidad"],"_links":{"self":[{"href":"https:\/\/www.bioleft.org\/es\/wp-json\/wp\/v2\/posts\/1838"}],"collection":[{"href":"https:\/\/www.bioleft.org\/es\/wp-json\/wp\/v2\/posts"}],"about":[{"href":"https:\/\/www.bioleft.org\/es\/wp-json\/wp\/v2\/types\/post"}],"author":[{"embeddable":true,"href":"https:\/\/www.bioleft.org\/es\/wp-json\/wp\/v2\/users\/6"}],"replies":[{"embeddable":true,"href":"https:\/\/www.bioleft.org\/es\/wp-json\/wp\/v2\/comments?post=1838"}],"version-history":[{"count":4,"href":"https:\/\/www.bioleft.org\/es\/wp-json\/wp\/v2\/posts\/1838\/revisions"}],"predecessor-version":[{"id":2142,"href":"https:\/\/www.bioleft.org\/es\/wp-json\/wp\/v2\/posts\/1838\/revisions\/2142"}],"wp:featuredmedia":[{"embeddable":true,"href":"https:\/\/www.bioleft.org\/es\/wp-json\/wp\/v2\/media\/1839"}],"wp:attachment":[{"href":"https:\/\/www.bioleft.org\/es\/wp-json\/wp\/v2\/media?parent=1838"}],"wp:term":[{"taxonomy":"category","embeddable":true,"href":"https:\/\/www.bioleft.org\/es\/wp-json\/wp\/v2\/categories?post=1838"},{"taxonomy":"post_tag","embeddable":true,"href":"https:\/\/www.bioleft.org\/es\/wp-json\/wp\/v2\/tags?post=1838"}],"curies":[{"name":"wp","href":"https:\/\/api.w.org\/{rel}","templated":true}]}}