{"id":1530,"date":"2021-03-19T17:17:58","date_gmt":"2021-03-19T17:17:58","guid":{"rendered":"https:\/\/www.bioleft.org\/?p=1530"},"modified":"2021-04-22T21:45:49","modified_gmt":"2021-04-22T21:45:49","slug":"nuevo-documento-sobre-derecho-a-las-semillas-en-europa","status":"publish","type":"post","link":"https:\/\/www.bioleft.org\/es\/2021\/03\/19\/nuevo-documento-sobre-derecho-a-las-semillas-en-europa\/","title":{"rendered":"Nuevo documento sobre derecho a las semillas en Europa"},"content":{"rendered":"<p>El Dr. Christophe Golay y la Dra. Fulya Batur publicaron un nuevo <em>Manual pr\u00e1ctico sobre el derecho a las semillas en Europa<\/em> que se enfoca en los pasos que la Uni\u00f3n Europea (UE) y los estados miembros de la UE deben tomar en v\u00edas de la implementaci\u00f3n de la <em>Declaraci\u00f3n de las Naciones Unidas sobre los derechos de los campesinos y de otras personas que trabajan en las zonas Rurales<\/em> (UNDROP) para una mejor protecci\u00f3n del derecho a las semillas en Europa.<\/p>\n<p>Dicho documento (el cual pod\u00e9s leer <a href=\"https:\/\/geneva-academy.ch\/joomlatools-files\/docman-files\/Briefing%2019.pdf\">aqu\u00ed<\/a> o al final del post) es el resultado de una serie de eventos en l\u00ednea organizados en 2020 y 2021 con socios como la Coordinaci\u00f3n Europea de la V\u00eda Campesina, Arca de Noe, Org\u00e1nicos IFOAM Europa y FIAN Internacional.<\/p>\n<p>Est\u00e1 dirigido a representantes de las instituciones de la Uni\u00f3n Europea (UE) y los Estados miembros de la UE, organizaciones campesinas, redes de semillas, acad\u00e9micos y expertos de Europa, y analiza c\u00f3mo el art\u00edculo 19 de UNDROP, que reconoce el derecho a las semillas, deber\u00e1 ser tenido en cuenta en la futura revisi\u00f3n de las normas de la UE sobre semillas, con ejemplos concretos sobre el camino a seguir.<\/p>\n<p>En la UE y los Estados miembros de la UE, las leyes y reglamentos sobre semillas se han dise\u00f1ado para satisfacer las necesidades de la industria agr\u00edcola, y los derechos de los campesinos han sido desatendido en gran medida. Los sistemas de semillas campesinas y los conocimientos tradicionales no han sido reconocidos y, por lo tanto, no han sido apoyado adecuadamente. Esto ha desalentado, y en algunos casos obstaculizado, la continuaci\u00f3n de las actividades agr\u00edcolas campesinas.<\/p>\n<p>El Dr. Christophe Golay explica que \u201cla implementaci\u00f3n de UNDROP representa una oportunidad \u00fanica para reequilibrar la falta de apoyo brindado a los sistemas de semillas campesinas en Europa, en comparaci\u00f3n con el apoyo brindado a los sistemas de semillas industriales en las \u00faltimas d\u00e9cadas. Esto es esencial para la protecci\u00f3n de los medios de vida de millones de campesinos, as\u00ed como el inter\u00e9s de todos en la preservaci\u00f3n de la biodiversidad de los cultivos\u201d.<\/p>\n<p>Para la Dra. Fulya Batur, fundadora de Kybele (Semillas y Biodiversidad), \u201cla UE y sus Estados miembros actuar\u00e1n ahora para asegurarse de que los sistemas de semillas de los campesinos no s\u00f3lo existan, sino que funcionen y prosperen plenamente como sistemas de producci\u00f3n y conservaci\u00f3n. Deber\u00e1n garantizar\u00e1n la participaci\u00f3n plena y significativa de los campesinos en la toma de decisiones sobre asuntos relacionados con las semillas; garantizar el derecho de los campesinos a mantener, controlar, proteger y desarrollar sus propias semillas y conocimientos tradicionales; y garantizar que la investigaci\u00f3n y el desarrollo agr\u00edcolas se orienten hacia las necesidades de los campesinos\u201d.<\/p>\n<p>Este manual pr\u00e1ctico se basa en un informe de investigaci\u00f3n sobre el derecho a las semillas y los derechos de propiedad intelectual disponible en <a href=\"https:\/\/geneva-academy.ch\/joomlatools-files\/docman-files\/The%20Right%20To%20Seeds%20And%20Intellectual%20Property%20Rights.pdf\">ingl\u00e9s<\/a>, <a href=\"https:\/\/geneva-academy.ch\/joomlatools-files\/docman-files\/El%20Derecho%20A%20Las%20Semillas%20Y%20Los%20Derechos%20De%20La%20Propiedad%20Intelectual.pdf\">espa\u00f1ol<\/a> y <a href=\"https:\/\/geneva-academy.ch\/joomlatools-files\/docman-files\/Dreptul%20La%20Semin%C8%9Be%20%C8%98i%20Drepturile%20De%20Proprietate%20Intelectual%C4%83.pdf\">rumano<\/a>.<\/p>\n<p>Fuente: <a href=\"https:\/\/geneva-academy.ch\/news\/detail\/427-practical-manual-on-the-right-to-seeds-in-europe\">Geneva Academy<\/a><\/p>\n<div class=\"ead-preview\"><div class=\"ead-document\" style=\"position: relative;padding-top: 90%;\"><div class=\"ead-iframe-wrapper\"><iframe src=\"\/\/docs.google.com\/viewer?url=https%3A%2F%2Fgeneva-academy.ch%2Fjoomlatools-files%2Fdocman-files%2FBriefing%252019.pdf&amp;embedded=true&amp;hl=en\" title=\"Embedded Document\" class=\"ead-iframe\" style=\"width: 100%;height: 100%;border: none;position: absolute;left: 0;top: 0;visibility: hidden;\"><\/iframe><\/div>\t\t\t<div class=\"ead-document-loading\" style=\"width:100%;height:100%;position:absolute;left:0;top:0;z-index:10;\">\n\t\t\t\t<div class=\"ead-loading-wrap\">\n\t\t\t\t\t<div class=\"ead-loading-main\">\n\t\t\t\t\t\t<div class=\"ead-loading\">\n\t\t\t\t\t\t\t<img decoding=\"async\" src=\"https:\/\/www.bioleft.org\/wp-content\/plugins\/embed-any-document\/images\/loading.svg\" width=\"55\" height=\"55\" alt=\"Loader\">\n\t\t\t\t\t\t\t<span>Loading...<\/span>\n\t\t\t\t\t\t<\/div>\n\t\t\t\t\t<\/div>\n\t\t\t\t\t<div class=\"ead-loading-foot\">\n\t\t\t\t\t\t<div class=\"ead-loading-foot-title\">\n\t\t\t\t\t\t\t<img decoding=\"async\" src=\"https:\/\/www.bioleft.org\/wp-content\/plugins\/embed-any-document\/images\/EAD-logo.svg\" alt=\"EAD Logo\" width=\"36\" height=\"23\"\/>\n\t\t\t\t\t\t\t<span>Taking too long?<\/span>\n\t\t\t\t\t\t<\/div>\n\t\t\t\t\t\t<p>\n\t\t\t\t\t\t\t<div class=\"ead-document-btn ead-reload-btn\" role=\"button\">\n\t\t\t\t\t\t\t\t<img decoding=\"async\" src=\"https:\/\/www.bioleft.org\/wp-content\/plugins\/embed-any-document\/images\/reload.svg\" alt=\"Reload\" width=\"12\" height=\"12\"\/> Reload document\t\t\t\t\t\t\t<\/div>\n\t\t\t\t\t\t\t<span>|<\/span>\n\t\t\t\t\t\t\t<a href=\"https:\/\/geneva-academy.ch\/joomlatools-files\/docman-files\/Briefing%2019.pdf\" class=\"ead-document-btn\" target=\"_blank\">\n\t\t\t\t\t\t\t\t<img loading=\"lazy\" decoding=\"async\" src=\"https:\/\/www.bioleft.org\/wp-content\/plugins\/embed-any-document\/images\/open.svg\" alt=\"Open\" width=\"12\" height=\"12\"\/> Open in new tab\t\t\t\t\t\t\t<\/a>\n\t\t\t\t\t<\/div>\n\t\t\t\t<\/div>\n\t\t\t<\/div>\n\t\t<\/div><p class=\"embed_download\"><a href=\"https:\/\/geneva-academy.ch\/joomlatools-files\/docman-files\/Briefing%2019.pdf\" download>Download <\/a><\/p><\/div>\n<div><\/div>\n<p>&nbsp;<\/p>\n<p>&nbsp;<\/p>\n","protected":false},"excerpt":{"rendered":"<p>El Dr. Christophe Golay y la Dra. Fulya Batur publicaron un nuevo Manual pr\u00e1ctico sobre el derecho a las semillas [&hellip;]<\/p>\n","protected":false},"author":5,"featured_media":1549,"comment_status":"closed","ping_status":"closed","sticky":false,"template":"elementor_theme","format":"standard","meta":{"footnotes":""},"categories":[3],"tags":[],"class_list":["post-1530","post","type-post","status-publish","format-standard","has-post-thumbnail","hentry","category-novedades"],"_links":{"self":[{"href":"https:\/\/www.bioleft.org\/es\/wp-json\/wp\/v2\/posts\/1530"}],"collection":[{"href":"https:\/\/www.bioleft.org\/es\/wp-json\/wp\/v2\/posts"}],"about":[{"href":"https:\/\/www.bioleft.org\/es\/wp-json\/wp\/v2\/types\/post"}],"author":[{"embeddable":true,"href":"https:\/\/www.bioleft.org\/es\/wp-json\/wp\/v2\/users\/5"}],"replies":[{"embeddable":true,"href":"https:\/\/www.bioleft.org\/es\/wp-json\/wp\/v2\/comments?post=1530"}],"version-history":[{"count":13,"href":"https:\/\/www.bioleft.org\/es\/wp-json\/wp\/v2\/posts\/1530\/revisions"}],"predecessor-version":[{"id":1537,"href":"https:\/\/www.bioleft.org\/es\/wp-json\/wp\/v2\/posts\/1530\/revisions\/1537"}],"wp:featuredmedia":[{"embeddable":true,"href":"https:\/\/www.bioleft.org\/es\/wp-json\/wp\/v2\/media\/1549"}],"wp:attachment":[{"href":"https:\/\/www.bioleft.org\/es\/wp-json\/wp\/v2\/media?parent=1530"}],"wp:term":[{"taxonomy":"category","embeddable":true,"href":"https:\/\/www.bioleft.org\/es\/wp-json\/wp\/v2\/categories?post=1530"},{"taxonomy":"post_tag","embeddable":true,"href":"https:\/\/www.bioleft.org\/es\/wp-json\/wp\/v2\/tags?post=1530"}],"curies":[{"name":"wp","href":"https:\/\/api.w.org\/{rel}","templated":true}]}}