{"id":1506,"date":"2021-03-03T14:19:40","date_gmt":"2021-03-03T14:19:40","guid":{"rendered":"https:\/\/www.bioleft.org\/?p=1506"},"modified":"2022-09-02T16:57:54","modified_gmt":"2022-09-02T19:57:54","slug":"semillas-para-el-bien-comun-compendio-de-experiencias-latinoamericanas","status":"publish","type":"post","link":"https:\/\/www.bioleft.org\/es\/2021\/03\/03\/semillas-para-el-bien-comun-compendio-de-experiencias-latinoamericanas\/","title":{"rendered":"Semillas para el bien com\u00fan: compendio de experiencias latinoamericanas"},"content":{"rendered":"<div class=\"\" dir=\"auto\">\n<div id=\"jsc_c_f0\" class=\"ecm0bbzt hv4rvrfc ihqw7lf3 dati1w0a\" data-ad-comet-preview=\"message\" data-ad-preview=\"message\">\n<div class=\"j83agx80 cbu4d94t ew0dbk1b irj2b8pg\">\n<div class=\"qzhwtbm6 knvmm38d\">\n<div class=\"kvgmc6g5 cxmmr5t8 oygrvhab hcukyx3x c1et5uql ii04i59q\">\n<div dir=\"auto\">\n<p>El equipo hermano del Laboratorio Nacional de Ciencias de la Sostenibilidad &#8211; Lancis del Instituto de Ecolog\u00eda de la Universidad Nacional Aut\u00f3noma de M\u00e9xico difunde esta publicaci\u00f3n con la que tuvimos el gran gusto de colaborar.<\/p>\n<p>Es el fruto de los talleres y el trabajo compartido entre ambos equipos desde 2019. Re\u00fane experiencias latinoamericanas de guardado y conservaci\u00f3n de semillas, y tambi\u00e9n herramientas para protegerlas de la apropiaci\u00f3n.<\/p>\n<p>\u00a1Felicitaciones y que circulen las semillas!<\/p>\n<\/div>\n<p>El trabajo puede leerse <a href=\"https:\/\/lancis.ecologia.unam.mx\/docs\/semillas_para_el_bien_comun.pdf\">aqu\u00ed<\/a>:<\/p>\n<div><div class=\"ead-preview\"><div class=\"ead-document\" style=\"position: relative;padding-top: 90%;\"><div class=\"ead-iframe-wrapper\"><iframe src=\"\/\/docs.google.com\/viewer?url=https%3A%2F%2Flancis.ecologia.unam.mx%2Fdocs%2Fsemillas_para_el_bien_comun.pdf&amp;embedded=true&amp;hl=en\" title=\"Embedded Document\" class=\"ead-iframe\" style=\"width: 100%;height: 100%;border: none;position: absolute;left: 0;top: 0;visibility: hidden;\"><\/iframe><\/div>\t\t\t<div class=\"ead-document-loading\" style=\"width:100%;height:100%;position:absolute;left:0;top:0;z-index:10;\">\n\t\t\t\t<div class=\"ead-loading-wrap\">\n\t\t\t\t\t<div class=\"ead-loading-main\">\n\t\t\t\t\t\t<div class=\"ead-loading\">\n\t\t\t\t\t\t\t<img decoding=\"async\" src=\"https:\/\/www.bioleft.org\/wp-content\/plugins\/embed-any-document\/images\/loading.svg\" width=\"55\" height=\"55\" alt=\"Loader\">\n\t\t\t\t\t\t\t<span>Loading...<\/span>\n\t\t\t\t\t\t<\/div>\n\t\t\t\t\t<\/div>\n\t\t\t\t\t<div class=\"ead-loading-foot\">\n\t\t\t\t\t\t<div class=\"ead-loading-foot-title\">\n\t\t\t\t\t\t\t<img decoding=\"async\" src=\"https:\/\/www.bioleft.org\/wp-content\/plugins\/embed-any-document\/images\/EAD-logo.svg\" alt=\"EAD Logo\" width=\"36\" height=\"23\"\/>\n\t\t\t\t\t\t\t<span>Taking too long?<\/span>\n\t\t\t\t\t\t<\/div>\n\t\t\t\t\t\t<p>\n\t\t\t\t\t\t\t<div class=\"ead-document-btn ead-reload-btn\" role=\"button\">\n\t\t\t\t\t\t\t\t<img decoding=\"async\" src=\"https:\/\/www.bioleft.org\/wp-content\/plugins\/embed-any-document\/images\/reload.svg\" alt=\"Reload\" width=\"12\" height=\"12\"\/> Reload document\t\t\t\t\t\t\t<\/div>\n\t\t\t\t\t\t\t<span>|<\/span>\n\t\t\t\t\t\t\t<a href=\"https:\/\/lancis.ecologia.unam.mx\/docs\/semillas_para_el_bien_comun.pdf\" class=\"ead-document-btn\" target=\"_blank\">\n\t\t\t\t\t\t\t\t<img loading=\"lazy\" decoding=\"async\" src=\"https:\/\/www.bioleft.org\/wp-content\/plugins\/embed-any-document\/images\/open.svg\" alt=\"Open\" width=\"12\" height=\"12\"\/> Open in new tab\t\t\t\t\t\t\t<\/a>\n\t\t\t\t\t<\/div>\n\t\t\t\t<\/div>\n\t\t\t<\/div>\n\t\t<\/div><p class=\"embed_download\"><a href=\"https:\/\/lancis.ecologia.unam.mx\/docs\/semillas_para_el_bien_comun.pdf\" download>Download [33.58 MB] <\/a><\/p><\/div><\/div>\n<\/div>\n<\/div>\n<\/div>\n<\/div>\n<\/div>\n","protected":false},"excerpt":{"rendered":"<p>El equipo hermano del Laboratorio Nacional de Ciencias de la Sostenibilidad &#8211; Lancis del Instituto de Ecolog\u00eda de la Universidad [&hellip;]<\/p>\n","protected":false},"author":5,"featured_media":1512,"comment_status":"closed","ping_status":"closed","sticky":false,"template":"","format":"standard","meta":{"footnotes":""},"categories":[3],"tags":[122,72,46,121],"class_list":["post-1506","post","type-post","status-publish","format-standard","has-post-thumbnail","hentry","category-novedades","tag-bien-comun","tag-mexico","tag-semillas-abiertas","tag-semillas-nativas-y-criollas"],"_links":{"self":[{"href":"https:\/\/www.bioleft.org\/es\/wp-json\/wp\/v2\/posts\/1506"}],"collection":[{"href":"https:\/\/www.bioleft.org\/es\/wp-json\/wp\/v2\/posts"}],"about":[{"href":"https:\/\/www.bioleft.org\/es\/wp-json\/wp\/v2\/types\/post"}],"author":[{"embeddable":true,"href":"https:\/\/www.bioleft.org\/es\/wp-json\/wp\/v2\/users\/5"}],"replies":[{"embeddable":true,"href":"https:\/\/www.bioleft.org\/es\/wp-json\/wp\/v2\/comments?post=1506"}],"version-history":[{"count":9,"href":"https:\/\/www.bioleft.org\/es\/wp-json\/wp\/v2\/posts\/1506\/revisions"}],"predecessor-version":[{"id":3293,"href":"https:\/\/www.bioleft.org\/es\/wp-json\/wp\/v2\/posts\/1506\/revisions\/3293"}],"wp:featuredmedia":[{"embeddable":true,"href":"https:\/\/www.bioleft.org\/es\/wp-json\/wp\/v2\/media\/1512"}],"wp:attachment":[{"href":"https:\/\/www.bioleft.org\/es\/wp-json\/wp\/v2\/media?parent=1506"}],"wp:term":[{"taxonomy":"category","embeddable":true,"href":"https:\/\/www.bioleft.org\/es\/wp-json\/wp\/v2\/categories?post=1506"},{"taxonomy":"post_tag","embeddable":true,"href":"https:\/\/www.bioleft.org\/es\/wp-json\/wp\/v2\/tags?post=1506"}],"curies":[{"name":"wp","href":"https:\/\/api.w.org\/{rel}","templated":true}]}}